{"id":17753,"date":"2019-09-20T11:37:15","date_gmt":"2019-09-20T11:37:15","guid":{"rendered":"http:\/\/dev-famolde.younik.pt\/?p=17753"},"modified":"2019-09-20T13:33:21","modified_gmt":"2019-09-20T13:33:21","slug":"gln-celebra-dia-gln-2018","status":"publish","type":"post","link":"https:\/\/famolde.pt\/es\/gln-celebra-dia-gln-2018\/","title":{"rendered":"GLN celebra el d\u00eda GLN 2018"},"content":{"rendered":"<p>[vc_row][vc_column][vc_column_text]<span lang=\"ES\">El <strong>15 de septiembre<\/strong>, una vez m\u00e1s tuvo lugar el evento del a\u00f1o en Maceira, D\u00eda GLN.<\/span><\/p>\n<p><span lang=\"ES\">El evento comenz\u00f3 con una actividad de Team Building para empleados y familias, con din\u00e1micas que quer\u00edan reforzar el trabajo en equipo, concluyendo con la construcci\u00f3n de un rompecabezas bajo el lema \u00abel todo es mayor que la suma de las partes\u00bb.<\/span><\/p>\n<p><span lang=\"ES\">Esto fue seguido por el almuerzo de convivencia, con unas 400 personas, al que asistieron el presidente del grupo, el Sr. Manuel Champalimaud y la otra administraci\u00f3n.<\/span><\/p>\n<p><span lang=\"ES\">Por la tarde, hubo momentos de alegr\u00eda con m\u00fasica de la banda de m\u00fasica maceira, Karaoke y entretenimiento infantil.<\/span><\/p>\n<p><span lang=\"ES\">El d\u00eda termin\u00f3 con las visitas habituales a las instalaciones de Maceira y Albergaria, para que los empleados les muestren a sus familias d\u00f3nde pasan sus d\u00edas.<\/span>[\/vc_column_text][\/vc_column][\/vc_row]<\/p>","protected":false},"excerpt":{"rendered":"<p>El 15 de septiembre, una vez m\u00e1s tuvo lugar el evento del a\u00f1o en Maceira, D\u00eda GLN.<\/p>\n","protected":false},"author":1,"featured_media":17754,"comment_status":"open","ping_status":"open","sticky":false,"template":"","format":"standard","meta":{"footnotes":""},"categories":[7],"tags":[],"class_list":["post-17753","post","type-post","status-publish","format-standard","has-post-thumbnail","hentry","category-eventos"],"yoast_head":"<!-- This site is optimized with the Yoast SEO plugin v18.5.1 - https:\/\/yoast.com\/wordpress\/plugins\/seo\/ -->\n<title>GLN celebra el d\u00eda GLN 2018 - Famolde<\/title>\n<meta name=\"robots\" content=\"index, follow, max-snippet:-1, max-image-preview:large, max-video-preview:-1\" \/>\n<link rel=\"canonical\" href=\"https:\/\/famolde.pt\/fr\/gln-celebra-dia-gln-2018\/\" \/>\n<meta property=\"og:locale\" content=\"es_ES\" \/>\n<meta property=\"og:type\" content=\"article\" \/>\n<meta property=\"og:title\" content=\"GLN celebra el d\u00eda GLN 2018 - Famolde\" \/>\n<meta property=\"og:description\" content=\"[:pt]No passado dia 15 de Setembro, ocorreu mais uma vez o evento do ano na Maceira, o Dia GLN.[:en]On\u00a0September 15, took place the annual event of Maceira, the GLN Day.[:de]Am 15. September, fand in Maceira erneut das Event des Jahres, der GLN Tag, statt.[:fr]Le 15 septembre dernier s\u2019est d\u00e9roul\u00e9 \u00e0 nouveau l&#039;\u00e9v\u00e9nement de l&#039;ann\u00e9e \u00e0 Maceira\u00a0: le Jour GLN.[:es]El 15 de septiembre, una vez m\u00e1s tuvo lugar el evento del a\u00f1o en Maceira, D\u00eda GLN.[:]\" \/>\n<meta property=\"og:url\" content=\"https:\/\/famolde.pt\/fr\/gln-celebra-dia-gln-2018\/\" \/>\n<meta property=\"og:site_name\" content=\"Famolde\" \/>\n<meta property=\"article:published_time\" content=\"2019-09-20T11:37:15+00:00\" \/>\n<meta property=\"article:modified_time\" content=\"2019-09-20T13:33:21+00:00\" \/>\n<meta property=\"og:image\" content=\"https:\/\/famolde.pt\/wp-content\/uploads\/dia-GLN-2018-min-1024x576.jpg\" \/>\n\t<meta property=\"og:image:width\" content=\"1024\" \/>\n\t<meta property=\"og:image:height\" content=\"576\" \/>\n\t<meta property=\"og:image:type\" content=\"image\/jpeg\" \/>\n<meta name=\"twitter:card\" content=\"summary_large_image\" \/>\n<meta name=\"twitter:label1\" content=\"Escrito por\" \/>\n\t<meta name=\"twitter:data1\" content=\"admin\" \/>\n\t<meta name=\"twitter:label2\" content=\"Tiempo de lectura\" \/>\n\t<meta name=\"twitter:data2\" content=\"3 minutos\" \/>\n<script type=\"application\/ld+json\" class=\"yoast-schema-graph\">{\"@context\":\"https:\/\/schema.org\",\"@graph\":[{\"@type\":\"WebSite\",\"@id\":\"https:\/\/famolde.pt\/es\/#website\",\"url\":\"https:\/\/famolde.pt\/es\/\",\"name\":\"Famolde\",\"description\":\"Molding the Future\",\"potentialAction\":[{\"@type\":\"SearchAction\",\"target\":{\"@type\":\"EntryPoint\",\"urlTemplate\":\"https:\/\/famolde.pt\/es\/?s={search_term_string}\"},\"query-input\":\"required name=search_term_string\"}],\"inLanguage\":\"es\"},{\"@type\":\"ImageObject\",\"@id\":\"https:\/\/famolde.pt\/fr\/gln-celebra-dia-gln-2018\/#primaryimage\",\"inLanguage\":\"es\",\"url\":\"https:\/\/famolde.pt\/wp-content\/uploads\/dia-GLN-2018-min-1024x576.jpg\",\"contentUrl\":\"https:\/\/famolde.pt\/wp-content\/uploads\/dia-GLN-2018-min-1024x576.jpg\",\"width\":1024,\"height\":576},{\"@type\":\"WebPage\",\"@id\":\"https:\/\/famolde.pt\/fr\/gln-celebra-dia-gln-2018\/#webpage\",\"url\":\"https:\/\/famolde.pt\/fr\/gln-celebra-dia-gln-2018\/\",\"name\":\"GLN celebra el d\u00eda GLN 2018 - Famolde\",\"isPartOf\":{\"@id\":\"https:\/\/famolde.pt\/es\/#website\"},\"primaryImageOfPage\":{\"@id\":\"https:\/\/famolde.pt\/fr\/gln-celebra-dia-gln-2018\/#primaryimage\"},\"datePublished\":\"2019-09-20T11:37:15+00:00\",\"dateModified\":\"2019-09-20T13:33:21+00:00\",\"author\":{\"@id\":\"https:\/\/famolde.pt\/es\/#\/schema\/person\/6395a90329c88377323ef84847ca054b\"},\"breadcrumb\":{\"@id\":\"https:\/\/famolde.pt\/fr\/gln-celebra-dia-gln-2018\/#breadcrumb\"},\"inLanguage\":\"es\",\"potentialAction\":[{\"@type\":\"ReadAction\",\"target\":[\"https:\/\/famolde.pt\/fr\/gln-celebra-dia-gln-2018\/\"]}]},{\"@type\":\"BreadcrumbList\",\"@id\":\"https:\/\/famolde.pt\/fr\/gln-celebra-dia-gln-2018\/#breadcrumb\",\"itemListElement\":[{\"@type\":\"ListItem\",\"position\":1,\"name\":\"In\u00edcio\",\"item\":\"https:\/\/famolde.pt\/es\/\"},{\"@type\":\"ListItem\",\"position\":2,\"name\":\"GLN c\u00e9l\u00e8bre la journ\u00e9e GLN 2018\"}]},{\"@type\":\"Person\",\"@id\":\"https:\/\/famolde.pt\/es\/#\/schema\/person\/6395a90329c88377323ef84847ca054b\",\"name\":\"admin\",\"image\":{\"@type\":\"ImageObject\",\"@id\":\"https:\/\/famolde.pt\/es\/#personlogo\",\"inLanguage\":\"es\",\"url\":\"https:\/\/secure.gravatar.com\/avatar\/9cdd13781e1e6d78819042e9c138f92bda925ba5ea8db007d060affad3c93239?s=96&d=mm&r=g\",\"contentUrl\":\"https:\/\/secure.gravatar.com\/avatar\/9cdd13781e1e6d78819042e9c138f92bda925ba5ea8db007d060affad3c93239?s=96&d=mm&r=g\",\"caption\":\"admin\"},\"url\":\"https:\/\/famolde.pt\/es\/author\/admin\/\"}]}<\/script>\n<!-- \/ Yoast SEO plugin. -->","yoast_head_json":{"title":"GLN celebra el d\u00eda GLN 2018 - Famolde","robots":{"index":"index","follow":"follow","max-snippet":"max-snippet:-1","max-image-preview":"max-image-preview:large","max-video-preview":"max-video-preview:-1"},"canonical":"https:\/\/famolde.pt\/fr\/gln-celebra-dia-gln-2018\/","og_locale":"es_ES","og_type":"article","og_title":"GLN celebra el d\u00eda GLN 2018 - Famolde","og_description":"[:pt]No passado dia 15 de Setembro, ocorreu mais uma vez o evento do ano na Maceira, o Dia GLN.[:en]On\u00a0September 15, took place the annual event of Maceira, the GLN Day.[:de]Am 15. September, fand in Maceira erneut das Event des Jahres, der GLN Tag, statt.[:fr]Le 15 septembre dernier s\u2019est d\u00e9roul\u00e9 \u00e0 nouveau l'\u00e9v\u00e9nement de l'ann\u00e9e \u00e0 Maceira\u00a0: le Jour GLN.[:es]El 15 de septiembre, una vez m\u00e1s tuvo lugar el evento del a\u00f1o en Maceira, D\u00eda GLN.[:]","og_url":"https:\/\/famolde.pt\/fr\/gln-celebra-dia-gln-2018\/","og_site_name":"Famolde","article_published_time":"2019-09-20T11:37:15+00:00","article_modified_time":"2019-09-20T13:33:21+00:00","og_image":[{"width":1024,"height":576,"url":"https:\/\/famolde.pt\/wp-content\/uploads\/dia-GLN-2018-min-1024x576.jpg","type":"image\/jpeg"}],"twitter_card":"summary_large_image","twitter_misc":{"Escrito por":"admin","Tiempo de lectura":"3 minutos"},"schema":{"@context":"https:\/\/schema.org","@graph":[{"@type":"WebSite","@id":"https:\/\/famolde.pt\/es\/#website","url":"https:\/\/famolde.pt\/es\/","name":"Famolde","description":"Molding the Future","potentialAction":[{"@type":"SearchAction","target":{"@type":"EntryPoint","urlTemplate":"https:\/\/famolde.pt\/es\/?s={search_term_string}"},"query-input":"required name=search_term_string"}],"inLanguage":"es"},{"@type":"ImageObject","@id":"https:\/\/famolde.pt\/fr\/gln-celebra-dia-gln-2018\/#primaryimage","inLanguage":"es","url":"https:\/\/famolde.pt\/wp-content\/uploads\/dia-GLN-2018-min-1024x576.jpg","contentUrl":"https:\/\/famolde.pt\/wp-content\/uploads\/dia-GLN-2018-min-1024x576.jpg","width":1024,"height":576},{"@type":"WebPage","@id":"https:\/\/famolde.pt\/fr\/gln-celebra-dia-gln-2018\/#webpage","url":"https:\/\/famolde.pt\/fr\/gln-celebra-dia-gln-2018\/","name":"GLN celebra el d\u00eda GLN 2018 - Famolde","isPartOf":{"@id":"https:\/\/famolde.pt\/es\/#website"},"primaryImageOfPage":{"@id":"https:\/\/famolde.pt\/fr\/gln-celebra-dia-gln-2018\/#primaryimage"},"datePublished":"2019-09-20T11:37:15+00:00","dateModified":"2019-09-20T13:33:21+00:00","author":{"@id":"https:\/\/famolde.pt\/es\/#\/schema\/person\/6395a90329c88377323ef84847ca054b"},"breadcrumb":{"@id":"https:\/\/famolde.pt\/fr\/gln-celebra-dia-gln-2018\/#breadcrumb"},"inLanguage":"es","potentialAction":[{"@type":"ReadAction","target":["https:\/\/famolde.pt\/fr\/gln-celebra-dia-gln-2018\/"]}]},{"@type":"BreadcrumbList","@id":"https:\/\/famolde.pt\/fr\/gln-celebra-dia-gln-2018\/#breadcrumb","itemListElement":[{"@type":"ListItem","position":1,"name":"In\u00edcio","item":"https:\/\/famolde.pt\/es\/"},{"@type":"ListItem","position":2,"name":"GLN c\u00e9l\u00e8bre la journ\u00e9e GLN 2018"}]},{"@type":"Person","@id":"https:\/\/famolde.pt\/es\/#\/schema\/person\/6395a90329c88377323ef84847ca054b","name":"admin","image":{"@type":"ImageObject","@id":"https:\/\/famolde.pt\/es\/#personlogo","inLanguage":"es","url":"https:\/\/secure.gravatar.com\/avatar\/9cdd13781e1e6d78819042e9c138f92bda925ba5ea8db007d060affad3c93239?s=96&d=mm&r=g","contentUrl":"https:\/\/secure.gravatar.com\/avatar\/9cdd13781e1e6d78819042e9c138f92bda925ba5ea8db007d060affad3c93239?s=96&d=mm&r=g","caption":"admin"},"url":"https:\/\/famolde.pt\/es\/author\/admin\/"}]}},"_links":{"self":[{"href":"https:\/\/famolde.pt\/es\/wp-json\/wp\/v2\/posts\/17753","targetHints":{"allow":["GET"]}}],"collection":[{"href":"https:\/\/famolde.pt\/es\/wp-json\/wp\/v2\/posts"}],"about":[{"href":"https:\/\/famolde.pt\/es\/wp-json\/wp\/v2\/types\/post"}],"author":[{"embeddable":true,"href":"https:\/\/famolde.pt\/es\/wp-json\/wp\/v2\/users\/1"}],"replies":[{"embeddable":true,"href":"https:\/\/famolde.pt\/es\/wp-json\/wp\/v2\/comments?post=17753"}],"version-history":[{"count":6,"href":"https:\/\/famolde.pt\/es\/wp-json\/wp\/v2\/posts\/17753\/revisions"}],"predecessor-version":[{"id":17780,"href":"https:\/\/famolde.pt\/es\/wp-json\/wp\/v2\/posts\/17753\/revisions\/17780"}],"wp:featuredmedia":[{"embeddable":true,"href":"https:\/\/famolde.pt\/es\/wp-json\/wp\/v2\/media\/17754"}],"wp:attachment":[{"href":"https:\/\/famolde.pt\/es\/wp-json\/wp\/v2\/media?parent=17753"}],"wp:term":[{"taxonomy":"category","embeddable":true,"href":"https:\/\/famolde.pt\/es\/wp-json\/wp\/v2\/categories?post=17753"},{"taxonomy":"post_tag","embeddable":true,"href":"https:\/\/famolde.pt\/es\/wp-json\/wp\/v2\/tags?post=17753"}],"curies":[{"name":"wp","href":"https:\/\/api.w.org\/{rel}","templated":true}]}}