{"id":17742,"date":"2019-09-20T08:58:13","date_gmt":"2019-09-20T08:58:13","guid":{"rendered":"http:\/\/dev-famolde.younik.pt\/?p=17742"},"modified":"2019-09-20T11:30:00","modified_gmt":"2019-09-20T11:30:00","slug":"gln-participa-na-semana-de-moldes-2018","status":"publish","type":"post","link":"https:\/\/famolde.pt\/de\/gln-participa-na-semana-de-moldes-2018\/","title":{"rendered":"GLN ist bei der Formenbauwoche 2018 vertreten"},"content":{"rendered":"<p>Die <strong>XI. Formenbauwoche 2018<\/strong> findet zwischen dem 1. und dem 4. Oktober in Marinha Grande und in Oliveira de Azem\u00e9is statt und umfasst eine Reihe von Veranstaltungen, die auf der Website des Events eingesehen werden k\u00f6nnen:\u00a0<a href=\"http:\/\/www.mouldsevent.com\/\" target=\"_blank\" rel=\"noopener noreferrer\">www.mouldsevent.com<\/a><\/p>\n<p>GLN wird bei zwei Seminaren am 1. Oktober in den R\u00e4umlichkeiten des Unternehmens OPEN (Marinha Grande) zum Thema \u201eA I&amp;D beim Cluster<\/p>\n<p>Engineering &amp; Tooling\u201c vertreten sein, bei denen die Koordinatoren des Additive-Projekts als Redner auftreten. Milling und Additive Cooling bei GLN Molds und Famolde: Um 10.00 Uhr pr\u00e4sentiert Ant\u00f3nio Malaquias (GLN Molds) Additive Milling \u2013 \u201eAdd Milling to Additive Mnufacturing\u201c und Olavo Fernandes (Famolde) spricht \u00fcber das Coolgrafeno-Projekt \u2013 \u201eGrafeno als L\u00f6sung zur schnellen K\u00fchlung von (Mikro-)Formeins\u00e4tzen\u201c.<\/p>\n<p>Das Tagesprogramm kann\u00a0<a href=\"\/wp-content\/uploads\/brochure_id.pdf\" target=\"_blank\" rel=\"noopener noreferrer\">hier<\/a>\u00a0eingesehen werden.<\/p>","protected":false},"excerpt":{"rendered":"<p>Die XI. Formenbauwoche 2018 findet zwischen dem 1. und dem 4. Oktober in Marinha Grande und in Oliveira de Azem\u00e9is.<\/p>\n","protected":false},"author":1,"featured_media":17744,"comment_status":"open","ping_status":"open","sticky":false,"template":"","format":"standard","meta":{"footnotes":""},"categories":[7],"tags":[],"class_list":["post-17742","post","type-post","status-publish","format-standard","has-post-thumbnail","hentry","category-eventos"],"yoast_head":"<!-- This site is optimized with the Yoast SEO plugin v18.5.1 - https:\/\/yoast.com\/wordpress\/plugins\/seo\/ -->\n<title>GLN ist bei der Formenbauwoche 2018 vertreten - Famolde<\/title>\n<meta name=\"robots\" content=\"index, follow, max-snippet:-1, max-image-preview:large, max-video-preview:-1\" \/>\n<link rel=\"canonical\" href=\"https:\/\/famolde.pt\/de\/gln-participa-na-semana-de-moldes-2018\/\" \/>\n<meta property=\"og:locale\" content=\"de_DE\" \/>\n<meta property=\"og:type\" content=\"article\" \/>\n<meta property=\"og:title\" content=\"GLN ist bei der Formenbauwoche 2018 vertreten - Famolde\" \/>\n<meta property=\"og:description\" content=\"[:pt]A\u00a0XI Semana de Moldes 2018\u00a0ir\u00e1 decorrer de 1 a 4 de Outubro, na Marinha Grande e em Oliveira de Azem\u00e9is.[:en]The XI Molds Week 2018 will be held from October 1st to 4th, in Marinha Grande and Oliveira de Azem\u00e9is.[:de]Die XI. Formenbauwoche 2018 findet zwischen dem 1. und dem 4. Oktober in Marinha Grande und in Oliveira de Azem\u00e9is.[:fr]La XIe\u00a0Semaine des moules\u00a02018 se d\u00e9roulera du 1er au 4 octobre \u00e0 Marinha Grande et \u00e0 Oliveira de Azem\u00e9is.[:es]La XI Semana de Moldes 2018 tendr\u00e1 lugar del 1 al 4 de octubre, en Marinha Grande y Oliveira de Azem\u00e9is.[:]\" \/>\n<meta property=\"og:url\" content=\"https:\/\/famolde.pt\/de\/gln-participa-na-semana-de-moldes-2018\/\" \/>\n<meta property=\"og:site_name\" content=\"Famolde\" \/>\n<meta property=\"article:published_time\" content=\"2019-09-20T08:58:13+00:00\" \/>\n<meta property=\"article:modified_time\" content=\"2019-09-20T11:30:00+00:00\" \/>\n<meta property=\"og:image\" content=\"https:\/\/famolde.pt\/wp-content\/uploads\/GLN-semana-moldes-2018-min-1024x576.jpg\" \/>\n\t<meta property=\"og:image:width\" content=\"1024\" \/>\n\t<meta property=\"og:image:height\" content=\"576\" \/>\n\t<meta property=\"og:image:type\" content=\"image\/jpeg\" \/>\n<meta name=\"twitter:card\" content=\"summary_large_image\" \/>\n<meta name=\"twitter:label1\" content=\"Verfasst von\" \/>\n\t<meta name=\"twitter:data1\" content=\"admin\" \/>\n\t<meta name=\"twitter:label2\" content=\"Gesch\u00e4tzte Lesezeit\" \/>\n\t<meta name=\"twitter:data2\" content=\"3\u00a0Minuten\" \/>\n<script type=\"application\/ld+json\" class=\"yoast-schema-graph\">{\"@context\":\"https:\/\/schema.org\",\"@graph\":[{\"@type\":\"WebSite\",\"@id\":\"https:\/\/famolde.pt\/es\/#website\",\"url\":\"https:\/\/famolde.pt\/es\/\",\"name\":\"Famolde\",\"description\":\"Molding the Future\",\"potentialAction\":[{\"@type\":\"SearchAction\",\"target\":{\"@type\":\"EntryPoint\",\"urlTemplate\":\"https:\/\/famolde.pt\/es\/?s={search_term_string}\"},\"query-input\":\"required name=search_term_string\"}],\"inLanguage\":\"de\"},{\"@type\":\"ImageObject\",\"@id\":\"https:\/\/famolde.pt\/de\/gln-participa-na-semana-de-moldes-2018\/#primaryimage\",\"inLanguage\":\"de\",\"url\":\"https:\/\/famolde.pt\/wp-content\/uploads\/GLN-semana-moldes-2018-min-1024x576.jpg\",\"contentUrl\":\"https:\/\/famolde.pt\/wp-content\/uploads\/GLN-semana-moldes-2018-min-1024x576.jpg\",\"width\":1024,\"height\":576},{\"@type\":\"WebPage\",\"@id\":\"https:\/\/famolde.pt\/de\/gln-participa-na-semana-de-moldes-2018\/#webpage\",\"url\":\"https:\/\/famolde.pt\/de\/gln-participa-na-semana-de-moldes-2018\/\",\"name\":\"GLN ist bei der Formenbauwoche 2018 vertreten - Famolde\",\"isPartOf\":{\"@id\":\"https:\/\/famolde.pt\/es\/#website\"},\"primaryImageOfPage\":{\"@id\":\"https:\/\/famolde.pt\/de\/gln-participa-na-semana-de-moldes-2018\/#primaryimage\"},\"datePublished\":\"2019-09-20T08:58:13+00:00\",\"dateModified\":\"2019-09-20T11:30:00+00:00\",\"author\":{\"@id\":\"https:\/\/famolde.pt\/es\/#\/schema\/person\/6395a90329c88377323ef84847ca054b\"},\"breadcrumb\":{\"@id\":\"https:\/\/famolde.pt\/de\/gln-participa-na-semana-de-moldes-2018\/#breadcrumb\"},\"inLanguage\":\"de\",\"potentialAction\":[{\"@type\":\"ReadAction\",\"target\":[\"https:\/\/famolde.pt\/de\/gln-participa-na-semana-de-moldes-2018\/\"]}]},{\"@type\":\"BreadcrumbList\",\"@id\":\"https:\/\/famolde.pt\/de\/gln-participa-na-semana-de-moldes-2018\/#breadcrumb\",\"itemListElement\":[{\"@type\":\"ListItem\",\"position\":1,\"name\":\"In\u00edcio\",\"item\":\"https:\/\/famolde.pt\/es\/\"},{\"@type\":\"ListItem\",\"position\":2,\"name\":\"GLN ist bei der Formenbauwoche 2018 vertreten\"}]},{\"@type\":\"Person\",\"@id\":\"https:\/\/famolde.pt\/es\/#\/schema\/person\/6395a90329c88377323ef84847ca054b\",\"name\":\"admin\",\"image\":{\"@type\":\"ImageObject\",\"@id\":\"https:\/\/famolde.pt\/es\/#personlogo\",\"inLanguage\":\"de\",\"url\":\"https:\/\/secure.gravatar.com\/avatar\/9cdd13781e1e6d78819042e9c138f92bda925ba5ea8db007d060affad3c93239?s=96&d=mm&r=g\",\"contentUrl\":\"https:\/\/secure.gravatar.com\/avatar\/9cdd13781e1e6d78819042e9c138f92bda925ba5ea8db007d060affad3c93239?s=96&d=mm&r=g\",\"caption\":\"admin\"},\"url\":\"https:\/\/famolde.pt\/de\/author\/admin\/\"}]}<\/script>\n<!-- \/ Yoast SEO plugin. -->","yoast_head_json":{"title":"GLN ist bei der Formenbauwoche 2018 vertreten - Famolde","robots":{"index":"index","follow":"follow","max-snippet":"max-snippet:-1","max-image-preview":"max-image-preview:large","max-video-preview":"max-video-preview:-1"},"canonical":"https:\/\/famolde.pt\/de\/gln-participa-na-semana-de-moldes-2018\/","og_locale":"de_DE","og_type":"article","og_title":"GLN ist bei der Formenbauwoche 2018 vertreten - Famolde","og_description":"[:pt]A\u00a0XI Semana de Moldes 2018\u00a0ir\u00e1 decorrer de 1 a 4 de Outubro, na Marinha Grande e em Oliveira de Azem\u00e9is.[:en]The XI Molds Week 2018 will be held from October 1st to 4th, in Marinha Grande and Oliveira de Azem\u00e9is.[:de]Die XI. Formenbauwoche 2018 findet zwischen dem 1. und dem 4. Oktober in Marinha Grande und in Oliveira de Azem\u00e9is.[:fr]La XIe\u00a0Semaine des moules\u00a02018 se d\u00e9roulera du 1er au 4 octobre \u00e0 Marinha Grande et \u00e0 Oliveira de Azem\u00e9is.[:es]La XI Semana de Moldes 2018 tendr\u00e1 lugar del 1 al 4 de octubre, en Marinha Grande y Oliveira de Azem\u00e9is.[:]","og_url":"https:\/\/famolde.pt\/de\/gln-participa-na-semana-de-moldes-2018\/","og_site_name":"Famolde","article_published_time":"2019-09-20T08:58:13+00:00","article_modified_time":"2019-09-20T11:30:00+00:00","og_image":[{"width":1024,"height":576,"url":"https:\/\/famolde.pt\/wp-content\/uploads\/GLN-semana-moldes-2018-min-1024x576.jpg","type":"image\/jpeg"}],"twitter_card":"summary_large_image","twitter_misc":{"Verfasst von":"admin","Gesch\u00e4tzte Lesezeit":"3\u00a0Minuten"},"schema":{"@context":"https:\/\/schema.org","@graph":[{"@type":"WebSite","@id":"https:\/\/famolde.pt\/es\/#website","url":"https:\/\/famolde.pt\/es\/","name":"Famolde","description":"Molding the Future","potentialAction":[{"@type":"SearchAction","target":{"@type":"EntryPoint","urlTemplate":"https:\/\/famolde.pt\/es\/?s={search_term_string}"},"query-input":"required name=search_term_string"}],"inLanguage":"de"},{"@type":"ImageObject","@id":"https:\/\/famolde.pt\/de\/gln-participa-na-semana-de-moldes-2018\/#primaryimage","inLanguage":"de","url":"https:\/\/famolde.pt\/wp-content\/uploads\/GLN-semana-moldes-2018-min-1024x576.jpg","contentUrl":"https:\/\/famolde.pt\/wp-content\/uploads\/GLN-semana-moldes-2018-min-1024x576.jpg","width":1024,"height":576},{"@type":"WebPage","@id":"https:\/\/famolde.pt\/de\/gln-participa-na-semana-de-moldes-2018\/#webpage","url":"https:\/\/famolde.pt\/de\/gln-participa-na-semana-de-moldes-2018\/","name":"GLN ist bei der Formenbauwoche 2018 vertreten - Famolde","isPartOf":{"@id":"https:\/\/famolde.pt\/es\/#website"},"primaryImageOfPage":{"@id":"https:\/\/famolde.pt\/de\/gln-participa-na-semana-de-moldes-2018\/#primaryimage"},"datePublished":"2019-09-20T08:58:13+00:00","dateModified":"2019-09-20T11:30:00+00:00","author":{"@id":"https:\/\/famolde.pt\/es\/#\/schema\/person\/6395a90329c88377323ef84847ca054b"},"breadcrumb":{"@id":"https:\/\/famolde.pt\/de\/gln-participa-na-semana-de-moldes-2018\/#breadcrumb"},"inLanguage":"de","potentialAction":[{"@type":"ReadAction","target":["https:\/\/famolde.pt\/de\/gln-participa-na-semana-de-moldes-2018\/"]}]},{"@type":"BreadcrumbList","@id":"https:\/\/famolde.pt\/de\/gln-participa-na-semana-de-moldes-2018\/#breadcrumb","itemListElement":[{"@type":"ListItem","position":1,"name":"In\u00edcio","item":"https:\/\/famolde.pt\/es\/"},{"@type":"ListItem","position":2,"name":"GLN ist bei der Formenbauwoche 2018 vertreten"}]},{"@type":"Person","@id":"https:\/\/famolde.pt\/es\/#\/schema\/person\/6395a90329c88377323ef84847ca054b","name":"admin","image":{"@type":"ImageObject","@id":"https:\/\/famolde.pt\/es\/#personlogo","inLanguage":"de","url":"https:\/\/secure.gravatar.com\/avatar\/9cdd13781e1e6d78819042e9c138f92bda925ba5ea8db007d060affad3c93239?s=96&d=mm&r=g","contentUrl":"https:\/\/secure.gravatar.com\/avatar\/9cdd13781e1e6d78819042e9c138f92bda925ba5ea8db007d060affad3c93239?s=96&d=mm&r=g","caption":"admin"},"url":"https:\/\/famolde.pt\/de\/author\/admin\/"}]}},"_links":{"self":[{"href":"https:\/\/famolde.pt\/de\/wp-json\/wp\/v2\/posts\/17742","targetHints":{"allow":["GET"]}}],"collection":[{"href":"https:\/\/famolde.pt\/de\/wp-json\/wp\/v2\/posts"}],"about":[{"href":"https:\/\/famolde.pt\/de\/wp-json\/wp\/v2\/types\/post"}],"author":[{"embeddable":true,"href":"https:\/\/famolde.pt\/de\/wp-json\/wp\/v2\/users\/1"}],"replies":[{"embeddable":true,"href":"https:\/\/famolde.pt\/de\/wp-json\/wp\/v2\/comments?post=17742"}],"version-history":[{"count":2,"href":"https:\/\/famolde.pt\/de\/wp-json\/wp\/v2\/posts\/17742\/revisions"}],"predecessor-version":[{"id":17749,"href":"https:\/\/famolde.pt\/de\/wp-json\/wp\/v2\/posts\/17742\/revisions\/17749"}],"wp:featuredmedia":[{"embeddable":true,"href":"https:\/\/famolde.pt\/de\/wp-json\/wp\/v2\/media\/17744"}],"wp:attachment":[{"href":"https:\/\/famolde.pt\/de\/wp-json\/wp\/v2\/media?parent=17742"}],"wp:term":[{"taxonomy":"category","embeddable":true,"href":"https:\/\/famolde.pt\/de\/wp-json\/wp\/v2\/categories?post=17742"},{"taxonomy":"post_tag","embeddable":true,"href":"https:\/\/famolde.pt\/de\/wp-json\/wp\/v2\/tags?post=17742"}],"curies":[{"name":"wp","href":"https:\/\/api.w.org\/{rel}","templated":true}]}}